{"id":10701,"date":"2019-04-12T06:30:33","date_gmt":"2019-04-12T04:30:33","guid":{"rendered":"http:\/\/castle.pri.ee\/?p=10701"},"modified":"2019-04-12T06:30:33","modified_gmt":"2019-04-12T04:30:33","slug":"karaoke-eesti-keeles-12","status":"publish","type":"post","link":"http:\/\/castle.pri.ee\/?p=10701","title":{"rendered":"Karaoke eesti keeles 12"},"content":{"rendered":"<h3>Ma k\u00f5ndima kord l\u00e4ksin<\/h3>\n<p><iframe loading=\"lazy\" title=\"Ma k\u00f5ndima kord l\u00e4ksin\" width=\"500\" height=\"375\" src=\"https:\/\/www.youtube.com\/embed\/2b9-iJYQEUI?feature=oembed\" frameborder=\"0\" allow=\"accelerometer; autoplay; clipboard-write; encrypted-media; gyroscope; picture-in-picture; web-share\" referrerpolicy=\"strict-origin-when-cross-origin\" allowfullscreen><\/iframe><\/p>\n<p>&nbsp;<\/p>\n<p>Ma k\u00f5ndima kord l\u00e4ksin oi ja oi ja oi jaa.<br \/>\nMa k\u00f5ndima kord l\u00e4ksin, mis arvad sellest sa.<br \/>\nMa k\u00f5ndima kord l\u00e4ksin oi valleraa<br \/>\nja neiu kaasa v\u00f5tsin ah ah ah ah ah ha.<br \/>\nMa k\u00f5ndima kord l\u00e4ksin oi valleraa<br \/>\nja neiu kaasa v\u00f5tsin ah ah ah ah ah ha.<\/p>\n<p>Neid \u00fctles: &#171;p\u00e4rin vara&#187; oi ja oi ja oi jaa.<br \/>\nNeid \u00fctles: &#171;p\u00e4rin vara&#187;, mis arvad sellest sa.<br \/>\nNeid \u00fctles: &#171;p\u00e4rin vara&#187; oi valleraa<br \/>\nSee jutt oli t\u00fchi pl\u00e4ra ah ah ah ah ah ha.<br \/>\nNeid \u00fctles: &#171;p\u00e4rin vara&#187; oi valleraa<br \/>\nSee jutt oli t\u00fchi pl\u00e4ra ah ah ah ah ah ha.<\/p>\n<p>Neid \u00fctles: &#171;mul on kulda&#187; oi ja oi ja oi jaa.<br \/>\nNeid \u00fctles: &#171;mul on kulda&#187;, mis arvad sellest sa.<br \/>\nNeid \u00fctles: &#171;mul on kulda&#187; oi valleraa<br \/>\nkuid endal oli v\u00f5lga ah ah ah ah ah ha.<br \/>\nNeid \u00fctles: &#171;mul on kulda&#187; oi valleraa<br \/>\nkuid endal oli v\u00f5lga ah ah ah ah ah ha.<\/p>\n<p>Neid \u00fctles: &#171;mind sa suudle&#187; oi ja oi ja oi jaa.<br \/>\nNeid \u00fctles: &#171;mind sa suudle&#187;, mis arvad sellest sa.<br \/>\nNeid \u00fctles: &#171;mind sa suudle&#187; oi valleraa<br \/>\nEi keegi meid n\u00e4e kuule ah ah ah ah ah ha.<br \/>\nNeid \u00fctles: &#171;mind sa suudle&#187; oi valleraa<br \/>\nEi keegi meid n\u00e4e kuule ah ah ah ah ah ha.<\/p>\n<p>Ta pakkus ennast pruudiks oi ja oi ja oi jaa.<br \/>\nTa pakkus ennast pruudiks, mis arvad sellest sa.<br \/>\nTa pakkus ennast pruudiks oi valleraa<br \/>\nNo see veel alles puuduks ah ah ah ah ah ha.<br \/>\nTa pakkus ennast pruudiks oi valleraa<br \/>\nNo see veel alles puuduks ah ah ah ah ah ha.<\/p>\n<p>Mul r\u00f5\u00f5msalt s\u00fcda tuksub oi ja oi ja oi jaa.<br \/>\nMul r\u00f5\u00f5msalt s\u00fcda tuksub, mis arvad sellest sa.<br \/>\nMul r\u00f5\u00f5msalt s\u00fcda tuksub oi valleraa<br \/>\net ma ei langend l\u00f5ksu ah ah ah ah ah ha.<br \/>\nMul r\u00f5\u00f5msalt s\u00fcda tuksub oi valleraa<br \/>\net ma ei langend l\u00f5ksu ah ah ah ah ah ha.<\/p>\n<h3>M\u00e4epere talgud<\/h3>\n<p><iframe loading=\"lazy\" title=\"M\u00e4epere talgud\" width=\"500\" height=\"375\" src=\"https:\/\/www.youtube.com\/embed\/b0x-W5J3L9A?feature=oembed\" frameborder=\"0\" allow=\"accelerometer; autoplay; clipboard-write; encrypted-media; gyroscope; picture-in-picture; web-share\" referrerpolicy=\"strict-origin-when-cross-origin\" allowfullscreen><\/iframe><\/p>\n<p>&nbsp;<\/p>\n<p>M\u00e4epere Matsil talgud hoos<br \/>\nja nooremaid on palju koos,<br \/>\nkivil kisub l\u00f5\u00f5tsapilli Juss,<br \/>\nt\u00f6\u00f6d teha on nii p\u00e4ris lust.<br \/>\nK\u00f5revere Toomas, Sepa Priidik<br \/>\nAlav\u00e4lja Ants ja N\u00e4psu Viidik,<br \/>\ntegid aga t\u00f6\u00f6d ja heitsid nalja,<br \/>\nkiitsid Matsi kapakalja.<\/p>\n<p>\u00d5htuks juba t\u00f6\u00f6d olid \u00f5iges soones,<br \/>\nmehed aga k\u00e4isid k\u00f5verjoones.<br \/>\nNaised tegid laulu lustilise,<br \/>\nJuss tegi viisi vindilise.<br \/>\nK\u00f5revere Toomas, Sepa Priidik<br \/>\nAlav\u00e4lja Ants ja N\u00e4psu Viidik,<br \/>\nneljakesi heitsid nalja,<br \/>\nkiitsid Matsi kapakalja.<\/p>\n<p>Palju seda tantsu ikka s\u00f5uad,<br \/>\npalju seda \u00f5lut juua j\u00f5uad.<br \/>\nMehed aga s\u00f5rmed k\u00f6itsid vinna,<br \/>\ntegid maadlust \u00fcle rinna.<br \/>\nK\u00f5revere Toomas, Sepa Priidik<br \/>\nAlav\u00e4lja Ants ja N\u00e4psu Viidik,<br \/>\nm\u00fcttasid, et l\u00f5hki muru,<br \/>\nhabemetes muld ja puru.<\/p>\n<p>Kui juba Koeru kandist koitnud,<br \/>\nuni oli kanged mehed v\u00f5itnud,<br \/>\ntalgud peetuks kuulutati,<br \/>\nk\u00f5iki hooneid tuulutati.<br \/>\nK\u00f5revere Toomas, Sepa Priidik<br \/>\nAlav\u00e4lja Ants ja N\u00e4psu Viidik,<br \/>\nkiitsid Matsi talgutuju,<br \/>\ntegid k\u00f5ik, et j\u00f5uda koju.<\/p>\n<h3>Mallekese polka<\/h3>\n<p><iframe loading=\"lazy\" title=\"Mallekese polka\" width=\"500\" height=\"375\" src=\"https:\/\/www.youtube.com\/embed\/H9teBOvDP2Q?feature=oembed\" frameborder=\"0\" allow=\"accelerometer; autoplay; clipboard-write; encrypted-media; gyroscope; picture-in-picture; web-share\" referrerpolicy=\"strict-origin-when-cross-origin\" allowfullscreen><\/iframe><\/p>\n<p>&nbsp;<\/p>\n<p>Mall on nii kena &#8212; \u00f5itseb nagu roos,<br \/>\nsest k\u00f5ik \u00f5rnus ja ka ilu tema juures koos<br \/>\ntal ainus viga see, mis ei meeldi emale,<br \/>\net me Mallekene liiga \u00f5rn on poistele.<\/p>\n<p>Jah kuum on Malle s\u00fcda, las t\u00f5releda ema<br \/>\nk\u00fcll Mall juba teab, mis maitseb hea.<br \/>\nJah kuum on Malle s\u00fcda, las t\u00f5releda ema<br \/>\nk\u00fcll Mall juba teab, mis maitseb hea.<\/p>\n<p>Tal tihti ema \u00fctleb: &#171;sa poisse kartma pead,<br \/>\nnad k\u00f5ik on nii halvad loota nendest pole head,<br \/>\nsest poiss on ikka kaval, ei ole ta sul truu<br \/>\nja kardetav ta truudus, nagu m\u00fcrk ta suu.&#187;<\/p>\n<p>Jah kuum on Malle s\u00fcda &#8230;<\/p>\n<p>Mall naeratab ja vastab: &#171;Oh armas emake,<br \/>\nsa kuula mind ja pane h\u00e4sti t\u00e4hele,<br \/>\npoiss, kes mulle hea ja meeldib minule,<br \/>\nta truudus pole iialgi nii m\u00fcrgine.&#187;<\/p>\n<p>Jah kuum on Malle s\u00fcda &#8230;<\/p>\n<p>Oh, Mallekene t\u00fctar sa usu ikka mind<br \/>\npoiss kuri nagu madu ta ju salvab sind,<br \/>\net see on t\u00f5esti nii ma kinnitada v\u00f5in,<br \/>\nsest ise kord ma noorelt seda tunda sain.<\/p>\n<p>Jah kuum on Malle s\u00fcda &#8230;<\/p>\n<p>N\u00fc\u00fcd Mallekene naeris ah ah ah ah haa,<br \/>\nkui lugu t\u00f5esti nii, siis kartus asjata,<br \/>\nkui tookord poiss sind suudles ja sa j\u00e4id elusse,<br \/>\nsiis kardetav ei ole see ka minule.<\/p>\n<p>Jah kuum on Malle s\u00fcda &#8230;<\/p>\n","protected":false},"excerpt":{"rendered":"<p>Ma k\u00f5ndima kord l\u00e4ksin &nbsp; Ma k\u00f5ndima kord l\u00e4ksin oi ja oi ja oi jaa. Ma k\u00f5ndima kord l\u00e4ksin, mis arvad sellest sa. Ma k\u00f5ndima kord l\u00e4ksin oi valleraa ja neiu kaasa v\u00f5tsin ah ah ah ah ah ha. Ma k\u00f5ndima kord l\u00e4ksin oi valleraa ja neiu kaasa v\u00f5tsin ah ah ah ah ah ha. [&hellip;]<\/p>\n","protected":false},"author":1,"featured_media":0,"comment_status":"closed","ping_status":"open","sticky":false,"template":"","format":"standard","meta":{"_monsterinsights_skip_tracking":false,"ngg_post_thumbnail":0,"footnotes":""},"categories":[18,22],"tags":[172,50,174,173],"_links":{"self":[{"href":"http:\/\/castle.pri.ee\/index.php?rest_route=\/wp\/v2\/posts\/10701"}],"collection":[{"href":"http:\/\/castle.pri.ee\/index.php?rest_route=\/wp\/v2\/posts"}],"about":[{"href":"http:\/\/castle.pri.ee\/index.php?rest_route=\/wp\/v2\/types\/post"}],"author":[{"embeddable":true,"href":"http:\/\/castle.pri.ee\/index.php?rest_route=\/wp\/v2\/users\/1"}],"replies":[{"embeddable":true,"href":"http:\/\/castle.pri.ee\/index.php?rest_route=%2Fwp%2Fv2%2Fcomments&post=10701"}],"version-history":[{"count":2,"href":"http:\/\/castle.pri.ee\/index.php?rest_route=\/wp\/v2\/posts\/10701\/revisions"}],"predecessor-version":[{"id":10706,"href":"http:\/\/castle.pri.ee\/index.php?rest_route=\/wp\/v2\/posts\/10701\/revisions\/10706"}],"wp:attachment":[{"href":"http:\/\/castle.pri.ee\/index.php?rest_route=%2Fwp%2Fv2%2Fmedia&parent=10701"}],"wp:term":[{"taxonomy":"category","embeddable":true,"href":"http:\/\/castle.pri.ee\/index.php?rest_route=%2Fwp%2Fv2%2Fcategories&post=10701"},{"taxonomy":"post_tag","embeddable":true,"href":"http:\/\/castle.pri.ee\/index.php?rest_route=%2Fwp%2Fv2%2Ftags&post=10701"}],"curies":[{"name":"wp","href":"https:\/\/api.w.org\/{rel}","templated":true}]}}